{"id":3201,"date":"2020-05-24T10:43:04","date_gmt":"2020-05-24T14:43:04","guid":{"rendered":"http:\/\/downtownmontrealdentistry.com\/?p=3201"},"modified":"2023-04-26T02:58:37","modified_gmt":"2023-04-26T02:58:37","slug":"covid-19en","status":"publish","type":"post","link":"https:\/\/downtownmontrealdentistry.com\/fr\/covid-19en\/","title":{"rendered":"Mise \u00e0 jour du bureau Covid-19"},"content":{"rendered":"<div class=\"fusion-fullwidth fullwidth-box fusion-builder-row-1 fusion-flex-container has-pattern-background has-mask-background nonhundred-percent-fullwidth non-hundred-percent-height-scrolling\" style=\"--awb-border-radius-top-left:0px;--awb-border-radius-top-right:0px;--awb-border-radius-bottom-right:0px;--awb-border-radius-bottom-left:0px;--awb-padding-top:30px;--awb-flex-wrap:wrap;\" ><div class=\"fusion-builder-row fusion-row fusion-flex-align-items-flex-start fusion-flex-justify-content-center fusion-flex-content-wrap\" style=\"max-width:1216.8px;margin-left: calc(-4% \/ 2 );margin-right: calc(-4% \/ 2 );\"><div class=\"fusion-layout-column fusion_builder_column fusion-builder-column-0 fusion_builder_column_5_6 5_6 fusion-flex-column\" style=\"--awb-bg-blend:overlay;--awb-bg-size:cover;--awb-width-large:83.333333333333%;--awb-margin-top-large:0px;--awb-spacing-right-large:2.304%;--awb-margin-bottom-large:0px;--awb-spacing-left-large:2.304%;--awb-width-medium:100%;--awb-spacing-right-medium:1.92%;--awb-spacing-left-medium:1.92%;--awb-width-small:100%;--awb-spacing-right-small:1.92%;--awb-spacing-left-small:1.92%;\"><div class=\"fusion-column-wrapper fusion-flex-justify-content-flex-start fusion-content-layout-column\"><div class=\"fusion-text fusion-text-1\" style=\"--awb-text-color:var(--awb-color8);\"><h4 class=\"fusion-responsive-typography-calculated\" style=\"--fontsize: 18; line-height: 2; --minfontsize: 18;\" data-fontsize=\"18\" data-lineheight=\"36px\">Chers patients,<\/h4>\n<p>Alors que nous nous pr\u00e9parons \u00e0 rouvrir notre bureau le 1er juin pour tous les traitements, je suis s\u00fbr que vous pourriez avoir beaucoup de questions sur les changements que vous remarquerez et les pr\u00e9cautions de s\u00e9curit\u00e9 que nous prenons. Veuillez prendre un moment pour lire la lettre suivante et si vous avez encore des questions, nous sommes l\u00e0 pour y r\u00e9pondre.<\/p>\n<p>Tout d&#039;abord, sachez que notre cabinet \u00e9tait d\u00e9j\u00e0 tenu \u00e0 une norme d&#039;asepsie (propret\u00e9) extr\u00eamement \u00e9lev\u00e9e par le gouvernement et l&#039;Ordre des dentistes du Qu\u00e9bec. En fait, il peut \u00eatre consid\u00e9r\u00e9 comme un mini-h\u00f4pital. Avec les nouvelles mesures mises en place pour Covid, certains des changements que vous pourriez remarquer sont :<\/p>\n<ul>\n<li>Nous vous demanderons d&#039;utiliser du d\u00e9sinfectant pour les mains d\u00e8s votre entr\u00e9e dans la clinique. Notre r\u00e9ceptionniste peut prendre votre temp\u00e9rature (thermom\u00e8tre sans contact) et vous poser quelques questions. Si vous pr\u00e9sentez des sympt\u00f4mes compatibles avec le Covid-19, nous reporterons votre rendez-vous. Si vous souhaitez un masque facial, nous pouvons vous en fournir un.<\/li>\n<li>Nous vous demandons dans la mesure du possible de venir au cabinet seul, et de ne pas vous attarder en salle d&#039;attente avant ou apr\u00e8s votre rendez-vous afin de respecter les mesures de distanciation sociale.<\/li>\n<li>Nous avons install\u00e9 des purificateurs d&#039;air de qualit\u00e9 m\u00e9dicale dans tout le bureau qui aident \u00e0 filtrer les particules nocives de l&#039;air, m\u00eame aussi petites que les gouttelettes d&#039;air contenant des particules virales.<\/li>\n<li>Les hygi\u00e9nistes, assistants et dentistes porteront davantage d&#039;\u00e9quipements de protection, notamment des masques, des visi\u00e8res et des blouses longues. Ceux-ci sont chang\u00e9s entre chaque patient.<\/li>\n<li>Les chambres sont st\u00e9rilis\u00e9es comme avant, en utilisant des produits dont il a \u00e9t\u00e9 prouv\u00e9 qu&#039;ils d\u00e9truisent les virus, y compris le coronavirus.<\/li>\n<li>Tout le personnel a re\u00e7u une formation de recyclage sur le contr\u00f4le des infections et l&#039;asepsie<\/li>\n<\/ul>\n<p>Deuxi\u00e8mement, en raison des deux mois o\u00f9 nous n&#039;avons pas vu de patients, nous avons un important arri\u00e9r\u00e9 de personnes qui ont besoin de travail. Cela peut signifier que pendant les premiers mois, le Dr Seminara, le Dr Kennedy et le Dr Nguyen se partageront le travail pour s&#039;assurer que tout le monde est vu en temps opportun. Il se peut que vous deviez voir un dentiste ou un hygi\u00e9niste autre que votre habituel, mais si vous pr\u00e9f\u00e9rez rester comme avant, appelez simplement le bureau et la r\u00e9ceptionniste vous accueillera.<\/p>\n<p>Enfin, votre s\u00e9curit\u00e9 et la n\u00f4tre est primordiale. Nous le prenons tr\u00e8s au s\u00e9rieux et il n&#039;y a aucun compromis. Vous pouvez \u00eatre assur\u00e9 que nous faisons de notre mieux et suivons toutes les derni\u00e8res recommandations pour assurer un environnement s\u00fbr et sain.<\/p>\n<p>Tous mes v\u0153ux,<\/p>\n<p><span style=\"color: var(--awb-text-color); font-family: var(--awb-text-font-family); font-size: var(--awb-font-size); font-style: var(--awb-text-font-style); letter-spacing: var(--awb-letter-spacing); text-align: var(--awb-content-alignment); text-transform: var(--awb-text-transform); background-color: var(--awb-bg-color-hover);\">Dentisterie du centre-ville de Montr\u00e9al<\/span><\/p>\n<\/div><\/div><\/div><\/div><\/div>","protected":false},"excerpt":{"rendered":"","protected":false},"author":7,"featured_media":0,"comment_status":"open","ping_status":"open","sticky":false,"template":"","format":"standard","meta":{"footnotes":""},"categories":[1],"tags":[],"class_list":["post-3201","post","type-post","status-publish","format-standard","hentry","category-uncategorized"],"_links":{"self":[{"href":"https:\/\/downtownmontrealdentistry.com\/fr\/wp-json\/wp\/v2\/posts\/3201","targetHints":{"allow":["GET"]}}],"collection":[{"href":"https:\/\/downtownmontrealdentistry.com\/fr\/wp-json\/wp\/v2\/posts"}],"about":[{"href":"https:\/\/downtownmontrealdentistry.com\/fr\/wp-json\/wp\/v2\/types\/post"}],"author":[{"embeddable":true,"href":"https:\/\/downtownmontrealdentistry.com\/fr\/wp-json\/wp\/v2\/users\/7"}],"replies":[{"embeddable":true,"href":"https:\/\/downtownmontrealdentistry.com\/fr\/wp-json\/wp\/v2\/comments?post=3201"}],"version-history":[{"count":9,"href":"https:\/\/downtownmontrealdentistry.com\/fr\/wp-json\/wp\/v2\/posts\/3201\/revisions"}],"predecessor-version":[{"id":3820,"href":"https:\/\/downtownmontrealdentistry.com\/fr\/wp-json\/wp\/v2\/posts\/3201\/revisions\/3820"}],"wp:attachment":[{"href":"https:\/\/downtownmontrealdentistry.com\/fr\/wp-json\/wp\/v2\/media?parent=3201"}],"wp:term":[{"taxonomy":"category","embeddable":true,"href":"https:\/\/downtownmontrealdentistry.com\/fr\/wp-json\/wp\/v2\/categories?post=3201"},{"taxonomy":"post_tag","embeddable":true,"href":"https:\/\/downtownmontrealdentistry.com\/fr\/wp-json\/wp\/v2\/tags?post=3201"}],"curies":[{"name":"wp","href":"https:\/\/api.w.org\/{rel}","templated":true}]}}